{"id":3965,"date":"2024-04-28T09:47:10","date_gmt":"2024-04-28T07:47:10","guid":{"rendered":"https:\/\/www.lebenlernen.com\/sek_wernigerode\/?p=3965"},"modified":"2025-02-03T18:44:55","modified_gmt":"2025-02-03T16:44:55","slug":"klasse-10-besuch-der-jva-gedenkstaette-wolfenbuettel","status":"publish","type":"post","link":"https:\/\/www.lebenlernen.com\/sek_wernigerode\/klasse-10-besuch-der-jva-gedenkstaette-wolfenbuettel\/","title":{"rendered":"Klasse 10 &#8211; Besuch der JVA-Gedenkst\u00e4tte Wolfenb\u00fcttel"},"content":{"rendered":"\n<p>Wie sieht eigentlich eine Justizvollzugsanstalt von innen aus? Und was passiert genau, ehe man dort landet? Ist Justitia wirklich blind?<\/p>\n\n\n\n<p>Wolfenb\u00fcttel als Gefangenenstadt hat Tradition. Seit 1506 gibt es in Wolfenb\u00fcttel eine Gefangenenanstalt, und noch heute verb\u00fc\u00dfen etwa 400 H\u00e4ftlinge ihre Strafe in der aktuellen Justizvollzugsanstalt. Hier f\u00e4llt es leicht, sich einen \u00dcberblick \u00fcber das Wirken der Justiz zu unterschiedlichen Zeiten zu verschaffen.<\/p>\n\n\n\n<p>Einmalig ist dabei, dass dieses Gef\u00e4ngnis eine Gedenkst\u00e4tte f\u00fcr die Opfer des Nationalsozialismus enth\u00e4lt, einschlie\u00dflich einer historischen Hinrichtungsst\u00e4tte auf dem Gel\u00e4nde der JVA.<\/p>\n\n\n\n<p>Dreizehn Sch\u00fcler und Sch\u00fclerinnen der Klasse 10 &#8211; sowie unser Begleiter Frank Ponndorf und die Klassenleiterin Leonie von Reppert-Bismarck &#8211; hatten Gl\u00fcck und konnten auf einem Ausflug hautnah Eindr\u00fccke aus der JVA sowie der ehemaligen Hinrichtungsst\u00e4tte und der Gedenkst\u00e4tte sammeln.<\/p>\n\n\n\n<figure class=\"wp-block-gallery has-nested-images columns-default is-cropped wp-block-gallery-1 is-layout-flex wp-block-gallery-is-layout-flex\">\n<figure class=\"wp-block-image size-large\"><a href=\"https:\/\/www.lebenlernen.com\/sek_wernigerode\/wp-content\/uploads\/2024\/04\/IMG_1166.jpg\"><img loading=\"lazy\" decoding=\"async\" width=\"640\" height=\"480\" data-id=\"3967\" src=\"https:\/\/www.lebenlernen.com\/sek_wernigerode\/wp-content\/uploads\/2024\/04\/IMG_1166.jpg\" alt=\"\" class=\"wp-image-3967\" srcset=\"https:\/\/www.lebenlernen.com\/sek_wernigerode\/wp-content\/uploads\/2024\/04\/IMG_1166.jpg 640w, https:\/\/www.lebenlernen.com\/sek_wernigerode\/wp-content\/uploads\/2024\/04\/IMG_1166-300x225.jpg 300w\" sizes=\"auto, (max-width: 640px) 100vw, 640px\" \/><\/a><\/figure>\n\n\n\n<figure class=\"wp-block-image size-large\"><a href=\"https:\/\/www.lebenlernen.com\/sek_wernigerode\/wp-content\/uploads\/2024\/04\/IMG_1157.jpg\"><img loading=\"lazy\" decoding=\"async\" width=\"640\" height=\"480\" data-id=\"3966\" src=\"https:\/\/www.lebenlernen.com\/sek_wernigerode\/wp-content\/uploads\/2024\/04\/IMG_1157.jpg\" alt=\"\" class=\"wp-image-3966\" srcset=\"https:\/\/www.lebenlernen.com\/sek_wernigerode\/wp-content\/uploads\/2024\/04\/IMG_1157.jpg 640w, https:\/\/www.lebenlernen.com\/sek_wernigerode\/wp-content\/uploads\/2024\/04\/IMG_1157-300x225.jpg 300w\" sizes=\"auto, (max-width: 640px) 100vw, 640px\" \/><\/a><\/figure>\n<\/figure>\n\n\n\n<p>Anschaulich und anhand tats\u00e4chlicher Schicksale zeigte der Gedenkst\u00e4ttenp\u00e4dagoge Herr Fr\u00f6hnel wie es im Nationalsozialismus erst zur Abschaffung der Grundrechte kam, dann zur Gesetzesversch\u00e4rfung bzw. Einf\u00fchrung diskriminierender Gesetze wie die Polenstrafrechtsverordnung und schlie\u00dflich zunehmend zu willk\u00fcrlichen Gesetzesauslegungen. Ob man nun minderj\u00e4hrig war oder nicht, ob die Todesstrafe verh\u00e4ngt wurde oder nicht, all dies hing weniger vom Gesetz als vielmehr von der Einstellung der Richter ab. Justitia hatte ihre Augenbinde abgenommen. F\u00fcr 526 Betroffene w\u00e4re eine blinde Justitia lebensrettend gewesen.<\/p>\n\n\n\n<p>\u201eSchockierend, aber spannend.\u201c (Charlotte R.) \u201eLehrreich.\u201c (Lenny B.) \u201eEmpfehlenswert.\u201c (Marlon A.).<\/p>\n","protected":false},"excerpt":{"rendered":"<p>Wie sieht eigentlich eine Justizvollzugsanstalt von innen aus? Und was passiert genau, ehe man dort landet? Ist Justitia wirklich blind? Wolfenb\u00fcttel als Gefangenenstadt hat Tradition. Seit 1506 gibt es in Wolfenb\u00fcttel eine Gefangenenanstalt, und noch heute verb\u00fc\u00dfen etwa 400 H\u00e4ftlinge ihre Strafe in der aktuellen Justizvollzugsanstalt. Hier f\u00e4llt es leicht, sich einen \u00dcberblick \u00fcber das<\/p>\n<div><a class=\"btn-filled btn\" href=\"https:\/\/www.lebenlernen.com\/sek_wernigerode\/klasse-10-besuch-der-jva-gedenkstaette-wolfenbuettel\/\" title=\"Klasse 10 &#8211; Besuch der JVA-Gedenkst\u00e4tte Wolfenb\u00fcttel\">Read More<\/a><\/div>\n","protected":false},"author":2,"featured_media":0,"comment_status":"closed","ping_status":"open","sticky":false,"template":"","format":"standard","meta":{"ngg_post_thumbnail":0,"footnotes":""},"categories":[28],"tags":[],"class_list":["post-3965","post","type-post","status-publish","format-standard","hentry","category-2023-2024"],"_links":{"self":[{"href":"https:\/\/www.lebenlernen.com\/sek_wernigerode\/wp-json\/wp\/v2\/posts\/3965","targetHints":{"allow":["GET"]}}],"collection":[{"href":"https:\/\/www.lebenlernen.com\/sek_wernigerode\/wp-json\/wp\/v2\/posts"}],"about":[{"href":"https:\/\/www.lebenlernen.com\/sek_wernigerode\/wp-json\/wp\/v2\/types\/post"}],"author":[{"embeddable":true,"href":"https:\/\/www.lebenlernen.com\/sek_wernigerode\/wp-json\/wp\/v2\/users\/2"}],"replies":[{"embeddable":true,"href":"https:\/\/www.lebenlernen.com\/sek_wernigerode\/wp-json\/wp\/v2\/comments?post=3965"}],"version-history":[{"count":1,"href":"https:\/\/www.lebenlernen.com\/sek_wernigerode\/wp-json\/wp\/v2\/posts\/3965\/revisions"}],"predecessor-version":[{"id":3968,"href":"https:\/\/www.lebenlernen.com\/sek_wernigerode\/wp-json\/wp\/v2\/posts\/3965\/revisions\/3968"}],"wp:attachment":[{"href":"https:\/\/www.lebenlernen.com\/sek_wernigerode\/wp-json\/wp\/v2\/media?parent=3965"}],"wp:term":[{"taxonomy":"category","embeddable":true,"href":"https:\/\/www.lebenlernen.com\/sek_wernigerode\/wp-json\/wp\/v2\/categories?post=3965"},{"taxonomy":"post_tag","embeddable":true,"href":"https:\/\/www.lebenlernen.com\/sek_wernigerode\/wp-json\/wp\/v2\/tags?post=3965"}],"curies":[{"name":"wp","href":"https:\/\/api.w.org\/{rel}","templated":true}]}}