{"id":2408,"date":"2022-08-16T09:40:18","date_gmt":"2022-08-16T09:40:18","guid":{"rendered":"https:\/\/www.lebenlernen.com\/sek_schneidlingen\/?p=2408"},"modified":"2023-06-28T09:26:51","modified_gmt":"2023-06-28T09:26:51","slug":"schuljahr-2022-23","status":"publish","type":"post","link":"https:\/\/www.lebenlernen.com\/sek_schneidlingen\/schuljahr-2022-23\/","title":{"rendered":"Schuljahr 2022\/23"},"content":{"rendered":"\n<p><\/p>\n\n\n\n<p>Schneidlingen, den 28.06.2023<\/p>\n\n\n\n<p>Liebe Eltern,&nbsp; <\/p>\n\n\n\n<p>die Sommerferien r\u00fccken n\u00e4her und wieder liegt dann ein Schuljahr hinter uns. <\/p>\n\n\n\n<p>Dazu geh\u00f6ren auch die Pr\u00fcfungen aller Abg\u00e4ngerInnen, die wir \u00fcbermorgen verabschieden werden. Einige Eltern haben flei\u00dfig die Anzahl der Rosen f\u00fcr die Pr\u00fcfungseinser auf unserem Instagram-Account gesch\u00e4tzt. Danke daf\u00fcr.<\/p>\n\n\n\n<p>Vielen Dank auch f\u00fcr Ihre tolle Unterst\u00fctzung bei schulischen Veranstaltungen,&nbsp;f\u00fcr Lobe und Kritiken. <\/p>\n\n\n\n<p>Jede\/r Einzelne ist ein wertvollen Mitglied unserer Schulgemeinschaft. <\/p>\n\n\n\n<p>Bevor wir aber in die Ferien starten k\u00f6nnen, erfolgen noch einige wichtige Mitteilungen, die den Eltern unserer derzeitigen Klassen 5-9 auch \u00fcber TEAMS zugegangen sind: die Schulleitung ist am 06.07 und 10.08. von 14.00-17.00 Uhr und am 11.07,08.08. und 15.08. von 09.00- 12.00 Uhr vor besetzt. F\u00fcr Anfragen au\u00dferhalb dieser Zeiten ist ein Anrufbeantworter geschaltet. <\/p>\n\n\n\n<p>Die Informationen zu den Kosten der Arbeitshefte, zu den Busfahrzeiten, dem Ablauf der ersten Schultage \u2026 erfolgen in der letzten Ferienwoche. <\/p>\n\n\n\n<p>Das Schulteam w\u00fcnscht allen eine gesunde und erholsame Ferienzeit. Bitte kennzeichnen Sie die Kenntnisnahme.<\/p>\n\n\n\n<p><\/p>\n\n\n\n<p><\/p>\n\n\n\n<p>Schneidlingen, den 28.03.2023<\/p>\n\n\n\n<p>Die Zeit eilt mit riesigen Schritten \u2026<\/p>\n\n\n\n<p>Hatte das 2. Schulhalbjahr doch gerade erst begonnen, so liegen viele Ereignisse schon hinter uns und die Abschlusspr\u00fcfungen stehen unmittelbar bevor.<\/p>\n\n\n\n<figure class=\"wp-block-image size-full\"><a href=\"https:\/\/www.lebenlernen.com\/sek_schneidlingen\/wp-content\/uploads\/2023\/03\/12AE1C87-3FFF-4F19-B6D8-04D5A9FB972F.jpeg\"><img loading=\"lazy\" decoding=\"async\" width=\"640\" height=\"480\" src=\"https:\/\/www.lebenlernen.com\/sek_schneidlingen\/wp-content\/uploads\/2023\/03\/12AE1C87-3FFF-4F19-B6D8-04D5A9FB972F.jpeg\" alt=\"\" class=\"wp-image-2451\" srcset=\"https:\/\/www.lebenlernen.com\/sek_schneidlingen\/wp-content\/uploads\/2023\/03\/12AE1C87-3FFF-4F19-B6D8-04D5A9FB972F.jpeg 640w, https:\/\/www.lebenlernen.com\/sek_schneidlingen\/wp-content\/uploads\/2023\/03\/12AE1C87-3FFF-4F19-B6D8-04D5A9FB972F-300x225.jpeg 300w\" sizes=\"auto, (max-width: 640px) 100vw, 640px\" \/><\/a><figcaption class=\"wp-element-caption\">Sch\u00fclerzeitungsredaktion vor dem Funkhaus in Erfurt<\/figcaption><\/figure>\n\n\n\n<p>Die Redaktion unserer Sch\u00fclerzeitung konnte endlich die verschobene Auszeichnungsfahrt nach Erfurt nachholen.<\/p>\n\n\n\n<p>Im im Bereich der Berufsorientierung tat sich etwas. Nach 3 Jahren Pause gab des den Tag der Berufe wieder. Eltern, VertreterInnen von Betrieben und ehemalige Sch\u00fcler stellten eine gro\u00dfe Palette verschiedener Berufe vor. Vielen Dank.<\/p>\n\n\n\n<p>Ein weiterer Dank geht an den Bereich Ausbildung des \u201cSodawerkes\u201c, an die Firma M\u00f6ller und Familie Schultz in Gro\u00df B\u00f6rnecke, die uns tatkr\u00e4ftig unterst\u00fctzten.<\/p>\n\n\n\n<p>Die SuS der Klassen 7 und 8 haben ihr BRAFO-Projekt bzw. das Sch\u00fclerbetriebspraktikum absolviert und die 9. Klasse arbeitet im Rahmen ihrer Schulwaldheimaufenthaltes an der S\u00e4uberung und Aufforstung des Harzes kr\u00e4ftig mit.<\/p>\n\n\n\n<figure class=\"wp-block-image size-full\"><a href=\"https:\/\/www.lebenlernen.com\/sek_schneidlingen\/wp-content\/uploads\/2023\/03\/3B621758-3990-448E-995C-3AB4117185C3.jpeg\"><img loading=\"lazy\" decoding=\"async\" width=\"640\" height=\"504\" src=\"https:\/\/www.lebenlernen.com\/sek_schneidlingen\/wp-content\/uploads\/2023\/03\/3B621758-3990-448E-995C-3AB4117185C3.jpeg\" alt=\"\" class=\"wp-image-2454\" srcset=\"https:\/\/www.lebenlernen.com\/sek_schneidlingen\/wp-content\/uploads\/2023\/03\/3B621758-3990-448E-995C-3AB4117185C3.jpeg 640w, https:\/\/www.lebenlernen.com\/sek_schneidlingen\/wp-content\/uploads\/2023\/03\/3B621758-3990-448E-995C-3AB4117185C3-300x236.jpeg 300w\" sizes=\"auto, (max-width: 640px) 100vw, 640px\" \/><\/a><figcaption class=\"wp-element-caption\">Wir w\u00fcnschen allen erholsame Ferien und ein sch\u00f6nes Osterfest.<\/figcaption><\/figure>\n\n\n\n<p><\/p>\n\n\n\n<p><\/p>\n\n\n\n<p><\/p>\n\n\n\n<p><\/p>\n\n\n\n<p><\/p>\n\n\n\n<p><\/p>\n\n\n\n<figure class=\"wp-block-image size-full\"><a href=\"https:\/\/www.lebenlernen.com\/sek_schneidlingen\/wp-content\/uploads\/2022\/08\/2b294671-2a22-45f7-baaa-3b8a8769da76.jpeg\"><img loading=\"lazy\" decoding=\"async\" width=\"1024\" height=\"614\" src=\"https:\/\/www.lebenlernen.com\/sek_schneidlingen\/wp-content\/uploads\/2022\/08\/2b294671-2a22-45f7-baaa-3b8a8769da76.jpeg\" alt=\"\" class=\"wp-image-2445\" srcset=\"https:\/\/www.lebenlernen.com\/sek_schneidlingen\/wp-content\/uploads\/2022\/08\/2b294671-2a22-45f7-baaa-3b8a8769da76.jpeg 1024w, https:\/\/www.lebenlernen.com\/sek_schneidlingen\/wp-content\/uploads\/2022\/08\/2b294671-2a22-45f7-baaa-3b8a8769da76-300x180.jpeg 300w, https:\/\/www.lebenlernen.com\/sek_schneidlingen\/wp-content\/uploads\/2022\/08\/2b294671-2a22-45f7-baaa-3b8a8769da76-768x461.jpeg 768w\" sizes=\"auto, (max-width: 1024px) 100vw, 1024px\" \/><\/a><\/figure>\n\n\n\n<p><br>\u2026 und baldige Genesung f\u00fcr alle Erkrankten w\u00fcnscht das Team unserer Schule.<\/p>\n\n\n\n<p><\/p>\n\n\n\n<p><\/p>\n\n\n\n<p>Schneidlingen, den 07.12.2022<\/p>\n\n\n\n<p>Liebe Eltern,<\/p>\n\n\n\n<p>im Auftrag des Direktors des Landesschulamtes m\u00f6chte ich Sie \u00fcber folgendes Verfahren bei der Krankmeldung von SuS informieren:<\/p>\n\n\n\n<ul class=\"wp-block-list\">\n<li>keine \u00e4rztliche Bescheinigung f\u00fcr die Verhinderung am Unterricht notwendig, ABER <strong>unverz\u00fcgliche Information der Schule<\/strong> notwendig<\/li>\n\n\n\n<li>\u00e4rztliche Bescheinigung zur R\u00fcckkehr ist NICHT notwendig, ABER <strong>schriftliche Mitteilung der Eltern<\/strong> \u00fcber den Grund des Fehlens<\/li>\n\n\n\n<li>Schule fordert \u00e4rztliche Bescheinigung nur in begr\u00fcndeten Ausnahmef\u00e4llen<\/li>\n<\/ul>\n\n\n\n<ul class=\"wp-block-list\">\n<li>Freitestungen nach Corona-Erkrankungen k\u00f6nnen durch h\u00e4usliche Selbsttest oder PoC-Antigen- Schnelltests in Testzentren oder Apotheken erfolgen<\/li>\n<\/ul>\n\n\n\n<p>In eigener Sache:<\/p>\n\n\n\n<p><strong>Bitte lassen Sie erkrankte Kinder zu Hause!<\/strong><\/p>\n\n\n\n<p><strong>Es besteht die M\u00f6glichkeit sich in den Unterricht zuzuschalten bzw. es werden Informationen \u00fcber Teams\/ padlet verschickt.<\/strong><\/p>\n\n\n\n<p>Mit freundlichen Gr\u00fc\u00dfen<\/p>\n\n\n\n<p>E. Atzler<\/p>\n\n\n\n<p>Schneidlingen, den 26.11.2022<\/p>\n\n\n\n<p class=\"has-medium-font-size\"><strong>IMPRESSIONEN VOM TAG DER OFFENEN T\u00dcR UND DEM WEIHNACHTSMARKT<\/strong><\/p>\n\n\n\n<figure class=\"wp-block-image size-large\"><a href=\"https:\/\/www.lebenlernen.com\/sek_schneidlingen\/wp-content\/uploads\/2022\/08\/13131d7e-d07f-4535-892c-0753a1002561-scaled.jpeg\"><img loading=\"lazy\" decoding=\"async\" width=\"1024\" height=\"683\" src=\"https:\/\/www.lebenlernen.com\/sek_schneidlingen\/wp-content\/uploads\/2022\/08\/13131d7e-d07f-4535-892c-0753a1002561-1024x683.jpeg\" alt=\"\" class=\"wp-image-2427\" srcset=\"https:\/\/www.lebenlernen.com\/sek_schneidlingen\/wp-content\/uploads\/2022\/08\/13131d7e-d07f-4535-892c-0753a1002561-1024x683.jpeg 1024w, https:\/\/www.lebenlernen.com\/sek_schneidlingen\/wp-content\/uploads\/2022\/08\/13131d7e-d07f-4535-892c-0753a1002561-300x200.jpeg 300w, https:\/\/www.lebenlernen.com\/sek_schneidlingen\/wp-content\/uploads\/2022\/08\/13131d7e-d07f-4535-892c-0753a1002561-768x512.jpeg 768w, https:\/\/www.lebenlernen.com\/sek_schneidlingen\/wp-content\/uploads\/2022\/08\/13131d7e-d07f-4535-892c-0753a1002561-1536x1024.jpeg 1536w, https:\/\/www.lebenlernen.com\/sek_schneidlingen\/wp-content\/uploads\/2022\/08\/13131d7e-d07f-4535-892c-0753a1002561-2048x1365.jpeg 2048w\" sizes=\"auto, (max-width: 1024px) 100vw, 1024px\" \/><\/a><figcaption class=\"wp-element-caption\">Redaktionssitzung<\/figcaption><\/figure>\n\n\n\n<figure class=\"wp-block-image size-large\"><a href=\"https:\/\/www.lebenlernen.com\/sek_schneidlingen\/wp-content\/uploads\/2022\/08\/842bed6f-08c7-4f62-9c69-a0be0fd93df2-scaled.jpeg\"><img loading=\"lazy\" decoding=\"async\" width=\"1024\" height=\"683\" src=\"https:\/\/www.lebenlernen.com\/sek_schneidlingen\/wp-content\/uploads\/2022\/08\/842bed6f-08c7-4f62-9c69-a0be0fd93df2-1024x683.jpeg\" alt=\"\" class=\"wp-image-2428\" srcset=\"https:\/\/www.lebenlernen.com\/sek_schneidlingen\/wp-content\/uploads\/2022\/08\/842bed6f-08c7-4f62-9c69-a0be0fd93df2-1024x683.jpeg 1024w, https:\/\/www.lebenlernen.com\/sek_schneidlingen\/wp-content\/uploads\/2022\/08\/842bed6f-08c7-4f62-9c69-a0be0fd93df2-300x200.jpeg 300w, https:\/\/www.lebenlernen.com\/sek_schneidlingen\/wp-content\/uploads\/2022\/08\/842bed6f-08c7-4f62-9c69-a0be0fd93df2-768x512.jpeg 768w, https:\/\/www.lebenlernen.com\/sek_schneidlingen\/wp-content\/uploads\/2022\/08\/842bed6f-08c7-4f62-9c69-a0be0fd93df2-1536x1024.jpeg 1536w, https:\/\/www.lebenlernen.com\/sek_schneidlingen\/wp-content\/uploads\/2022\/08\/842bed6f-08c7-4f62-9c69-a0be0fd93df2-2048x1365.jpeg 2048w\" sizes=\"auto, (max-width: 1024px) 100vw, 1024px\" \/><\/a><\/figure>\n\n\n\n<figure class=\"wp-block-image size-large\"><a href=\"https:\/\/www.lebenlernen.com\/sek_schneidlingen\/wp-content\/uploads\/2022\/08\/e1a31ec5-c366-46ae-b1bf-8013fb6062da-scaled.jpeg\"><img loading=\"lazy\" decoding=\"async\" width=\"1024\" height=\"683\" src=\"https:\/\/www.lebenlernen.com\/sek_schneidlingen\/wp-content\/uploads\/2022\/08\/e1a31ec5-c366-46ae-b1bf-8013fb6062da-1024x683.jpeg\" alt=\"\" class=\"wp-image-2431\" srcset=\"https:\/\/www.lebenlernen.com\/sek_schneidlingen\/wp-content\/uploads\/2022\/08\/e1a31ec5-c366-46ae-b1bf-8013fb6062da-1024x683.jpeg 1024w, https:\/\/www.lebenlernen.com\/sek_schneidlingen\/wp-content\/uploads\/2022\/08\/e1a31ec5-c366-46ae-b1bf-8013fb6062da-300x200.jpeg 300w, https:\/\/www.lebenlernen.com\/sek_schneidlingen\/wp-content\/uploads\/2022\/08\/e1a31ec5-c366-46ae-b1bf-8013fb6062da-768x512.jpeg 768w, https:\/\/www.lebenlernen.com\/sek_schneidlingen\/wp-content\/uploads\/2022\/08\/e1a31ec5-c366-46ae-b1bf-8013fb6062da-1536x1024.jpeg 1536w, https:\/\/www.lebenlernen.com\/sek_schneidlingen\/wp-content\/uploads\/2022\/08\/e1a31ec5-c366-46ae-b1bf-8013fb6062da-2048x1365.jpeg 2048w\" sizes=\"auto, (max-width: 1024px) 100vw, 1024px\" \/><\/a><figcaption class=\"wp-element-caption\">\u00fcberall Gespr\u00e4che<\/figcaption><\/figure>\n\n\n\n<figure class=\"wp-block-image size-large\"><a href=\"https:\/\/www.lebenlernen.com\/sek_schneidlingen\/wp-content\/uploads\/2022\/08\/cb6fdcaf-b15f-49db-8747-f7b02631b443-scaled.jpeg\"><img loading=\"lazy\" decoding=\"async\" width=\"1024\" height=\"683\" src=\"https:\/\/www.lebenlernen.com\/sek_schneidlingen\/wp-content\/uploads\/2022\/08\/cb6fdcaf-b15f-49db-8747-f7b02631b443-1024x683.jpeg\" alt=\"\" class=\"wp-image-2429\" srcset=\"https:\/\/www.lebenlernen.com\/sek_schneidlingen\/wp-content\/uploads\/2022\/08\/cb6fdcaf-b15f-49db-8747-f7b02631b443-1024x683.jpeg 1024w, https:\/\/www.lebenlernen.com\/sek_schneidlingen\/wp-content\/uploads\/2022\/08\/cb6fdcaf-b15f-49db-8747-f7b02631b443-300x200.jpeg 300w, https:\/\/www.lebenlernen.com\/sek_schneidlingen\/wp-content\/uploads\/2022\/08\/cb6fdcaf-b15f-49db-8747-f7b02631b443-768x512.jpeg 768w, https:\/\/www.lebenlernen.com\/sek_schneidlingen\/wp-content\/uploads\/2022\/08\/cb6fdcaf-b15f-49db-8747-f7b02631b443-1536x1024.jpeg 1536w, https:\/\/www.lebenlernen.com\/sek_schneidlingen\/wp-content\/uploads\/2022\/08\/cb6fdcaf-b15f-49db-8747-f7b02631b443-2048x1365.jpeg 2048w\" sizes=\"auto, (max-width: 1024px) 100vw, 1024px\" \/><\/a><figcaption class=\"wp-element-caption\">\u201ef\u00fchrende\u201c Pers\u00f6nlichkeiten<\/figcaption><\/figure>\n\n\n\n<figure class=\"wp-block-image size-large\"><a href=\"https:\/\/www.lebenlernen.com\/sek_schneidlingen\/wp-content\/uploads\/2022\/08\/f541af9c-6f79-4f0e-8578-62e50c5a2e97-scaled.jpeg\"><img loading=\"lazy\" decoding=\"async\" width=\"1024\" height=\"683\" src=\"https:\/\/www.lebenlernen.com\/sek_schneidlingen\/wp-content\/uploads\/2022\/08\/f541af9c-6f79-4f0e-8578-62e50c5a2e97-1024x683.jpeg\" alt=\"\" class=\"wp-image-2430\" srcset=\"https:\/\/www.lebenlernen.com\/sek_schneidlingen\/wp-content\/uploads\/2022\/08\/f541af9c-6f79-4f0e-8578-62e50c5a2e97-1024x683.jpeg 1024w, https:\/\/www.lebenlernen.com\/sek_schneidlingen\/wp-content\/uploads\/2022\/08\/f541af9c-6f79-4f0e-8578-62e50c5a2e97-300x200.jpeg 300w, https:\/\/www.lebenlernen.com\/sek_schneidlingen\/wp-content\/uploads\/2022\/08\/f541af9c-6f79-4f0e-8578-62e50c5a2e97-768x512.jpeg 768w, https:\/\/www.lebenlernen.com\/sek_schneidlingen\/wp-content\/uploads\/2022\/08\/f541af9c-6f79-4f0e-8578-62e50c5a2e97-1536x1024.jpeg 1536w, https:\/\/www.lebenlernen.com\/sek_schneidlingen\/wp-content\/uploads\/2022\/08\/f541af9c-6f79-4f0e-8578-62e50c5a2e97-2048x1365.jpeg 2048w\" sizes=\"auto, (max-width: 1024px) 100vw, 1024px\" \/><\/a><figcaption class=\"wp-element-caption\">B\u00e4ckerinnen im Einsatz f\u00fcr die Abschlussfeier<\/figcaption><\/figure>\n\n\n\n<p>UND:<\/p>\n\n\n\n<p class=\"has-large-font-size\"><strong>SIE HABEN ES WIEDER GETAN: <\/strong><\/p>\n\n\n\n<p><a href=\"https:\/\/share.icloud.com\/photos\/031MmDs91qu9g7ljDh3HGLvKw\">https:\/\/share.icloud.com\/photos\/031MmDs91qu9g7ljDh3HGLvKw<\/a><\/p>\n\n\n\n<figure class=\"wp-block-image size-full\"><a href=\"https:\/\/www.lebenlernen.com\/sek_schneidlingen\/wp-content\/uploads\/2022\/08\/de82e396-cd94-44f7-a9dc-c6187d31f431.jpeg\"><img loading=\"lazy\" decoding=\"async\" width=\"640\" height=\"480\" src=\"https:\/\/www.lebenlernen.com\/sek_schneidlingen\/wp-content\/uploads\/2022\/08\/de82e396-cd94-44f7-a9dc-c6187d31f431.jpeg\" alt=\"\" class=\"wp-image-2424\" srcset=\"https:\/\/www.lebenlernen.com\/sek_schneidlingen\/wp-content\/uploads\/2022\/08\/de82e396-cd94-44f7-a9dc-c6187d31f431.jpeg 640w, https:\/\/www.lebenlernen.com\/sek_schneidlingen\/wp-content\/uploads\/2022\/08\/de82e396-cd94-44f7-a9dc-c6187d31f431-300x225.jpeg 300w\" sizes=\"auto, (max-width: 640px) 100vw, 640px\" \/><\/a><\/figure>\n\n\n\n<figure class=\"wp-block-image size-large\"><a href=\"https:\/\/www.lebenlernen.com\/sek_schneidlingen\/wp-content\/uploads\/2022\/08\/3036b21b-1da2-4406-990c-1d372ec9d25e.png\"><img loading=\"lazy\" decoding=\"async\" width=\"724\" height=\"1024\" src=\"https:\/\/www.lebenlernen.com\/sek_schneidlingen\/wp-content\/uploads\/2022\/08\/3036b21b-1da2-4406-990c-1d372ec9d25e-724x1024.png\" alt=\"\" class=\"wp-image-2418\" srcset=\"https:\/\/www.lebenlernen.com\/sek_schneidlingen\/wp-content\/uploads\/2022\/08\/3036b21b-1da2-4406-990c-1d372ec9d25e-724x1024.png 724w, https:\/\/www.lebenlernen.com\/sek_schneidlingen\/wp-content\/uploads\/2022\/08\/3036b21b-1da2-4406-990c-1d372ec9d25e-212x300.png 212w, https:\/\/www.lebenlernen.com\/sek_schneidlingen\/wp-content\/uploads\/2022\/08\/3036b21b-1da2-4406-990c-1d372ec9d25e-768x1086.png 768w, https:\/\/www.lebenlernen.com\/sek_schneidlingen\/wp-content\/uploads\/2022\/08\/3036b21b-1da2-4406-990c-1d372ec9d25e-1086x1536.png 1086w, https:\/\/www.lebenlernen.com\/sek_schneidlingen\/wp-content\/uploads\/2022\/08\/3036b21b-1da2-4406-990c-1d372ec9d25e-1448x2048.png 1448w\" sizes=\"auto, (max-width: 724px) 100vw, 724px\" \/><\/a><figcaption class=\"wp-element-caption\">Design: Martin Zimmermann<\/figcaption><\/figure>\n\n\n\n<p>Liebe Interessenten,<\/p>\n\n\n\n<p>die Gegenwart fordert uns heraus.<\/p>\n\n\n\n<p>Wir freuen uns, wieder einen Tag der offenen T\u00fcr nach bew\u00e4hrtem Muster durchf\u00fchren zu k\u00f6nnen, aber uns auch neuen Ideen zu stellen.<\/p>\n\n\n\n<p>So bieten wir Ihnen einen Doppelpack: Auf einen Gang durch die Schule, mit hoffentlich interessanten Gespr\u00e4chen, folgt ein Stopp im Caf\u00e9 (Kl.7), im Adventsshop (Kl.8) oder am Grill der freiwilligen Feuerwehr (wo Sie eventuell auch unsere ehemaligen Sch\u00fcler befragen k\u00f6nnen) \u2026<\/p>\n\n\n\n<p>Ein Besuch lohnt sich.<\/p>\n\n\n\n<p>SAVE THE DATE:<\/p>\n\n\n\n<p>Wir planen, vorbehaltlich von Corona- Einschr\u00e4nkungen, am<\/p>\n\n\n\n<p class=\"has-large-font-size\"><strong>26.11.2022 unseren Tag der offenen T\u00fcr<\/strong><\/p>\n\n\n\n<p class=\"has-medium-font-size\">durchzuf\u00fchren. Die Feinplanung wird zeitnah ver\u00f6ffentlicht.<\/p>\n\n\n\n<p>Unsere Sch\u00fclerInnen f\u00fchren durch das Geb\u00e4ude, stellen Arbeitstechniken und -ergebnisse vor. Im Verkaufsraum erwarten Sie Adventsfloristik und leckere Marmeladen, im Caf\u00e9 stehen Getr\u00e4nke und Snacks bereit.<\/p>\n\n\n\n<p>Wir w\u00fcrden uns freuen, Sie bei uns begr\u00fc\u00dfen zu d\u00fcrfen. <\/p>\n\n\n\n<p class=\"has-small-font-size\"><\/p>\n\n\n\n<p><\/p>\n\n\n\n<p><strong>Informationen zum Schuljahresstart<\/strong><\/p>\n\n\n\n<p>Damit unsere neuen Sch\u00fclerInnen alle notwendigen Informationen zum Schulstart erhalten, bitten wir die Eltern sich ab Freitag unter 039267\/64355 oder bevorzugt! unter d.tschampel@oks.de zu melden.<\/p>\n\n\n\n<p>Sie bekommen dann von unserer Sekret\u00e4rin den Link zum Klassenpadlet, das Sie mit jedem Endger\u00e4t \u00f6ffnen k\u00f6nnen. Dort findet ihr\/ finden Sie alle Informationen wie:<\/p>\n\n\n\n<ul class=\"wp-block-list\">\n<li>Bezahlung der Arbeitshefte<\/li>\n\n\n\n<li>Abfahrtzeiten der Busse<\/li>\n\n\n\n<li>Elternbriefe \u2026<\/li>\n<\/ul>\n\n\n\n<p>Alle \u201calten Hasen\u201c finden diese Informationen ebenfalls auf den bekannten Klassenpadlets.<\/p>\n\n\n\n<p>Das neue Schuljahr beginnt am 25.08.2022 um 07.40 Uhr.<\/p>\n\n\n\n<p> Unsere Neuen werden am Tor von ihrer Klassenlehrerin in Empfang genommen und eingewiesen.<\/p>\n\n\n\n<p>Wir planen, am 02.09.2022 um 14.30Uhr eine Einschulungsfeier auf dem Schulhof durchzuf\u00fchren. Dazu laden wir alle Sch\u00fclerInnen der 5. Klasse, ihre Eltern und gerne auch die Gro\u00dfeltern recht herzlich ein. Weitere Informationen dazu folgen.<\/p>\n","protected":false},"excerpt":{"rendered":"<p>Schneidlingen, den 28.06.2023 Liebe Eltern,&nbsp; die Sommerferien r\u00fccken n\u00e4her und wieder liegt dann ein Schuljahr hinter uns. Dazu geh\u00f6ren auch die Pr\u00fcfungen aller Abg\u00e4ngerInnen, die wir \u00fcbermorgen verabschieden werden. Einige Eltern haben flei\u00dfig die Anzahl der Rosen f\u00fcr die Pr\u00fcfungseinser auf unserem Instagram-Account gesch\u00e4tzt. Danke daf\u00fcr. Vielen Dank auch f\u00fcr Ihre tolle Unterst\u00fctzung bei schulischen<\/p>\n<div><a class=\"btn-filled btn\" href=\"https:\/\/www.lebenlernen.com\/sek_schneidlingen\/schuljahr-2022-23\/\" title=\"Schuljahr 2022\/23\">Read More<\/a><\/div>\n","protected":false},"author":3,"featured_media":0,"comment_status":"open","ping_status":"open","sticky":true,"template":"","format":"standard","meta":{"ngg_post_thumbnail":0,"footnotes":""},"categories":[1],"tags":[],"class_list":["post-2408","post","type-post","status-publish","format-standard","hentry","category-allgemein"],"_links":{"self":[{"href":"https:\/\/www.lebenlernen.com\/sek_schneidlingen\/wp-json\/wp\/v2\/posts\/2408","targetHints":{"allow":["GET"]}}],"collection":[{"href":"https:\/\/www.lebenlernen.com\/sek_schneidlingen\/wp-json\/wp\/v2\/posts"}],"about":[{"href":"https:\/\/www.lebenlernen.com\/sek_schneidlingen\/wp-json\/wp\/v2\/types\/post"}],"author":[{"embeddable":true,"href":"https:\/\/www.lebenlernen.com\/sek_schneidlingen\/wp-json\/wp\/v2\/users\/3"}],"replies":[{"embeddable":true,"href":"https:\/\/www.lebenlernen.com\/sek_schneidlingen\/wp-json\/wp\/v2\/comments?post=2408"}],"version-history":[{"count":0,"href":"https:\/\/www.lebenlernen.com\/sek_schneidlingen\/wp-json\/wp\/v2\/posts\/2408\/revisions"}],"wp:attachment":[{"href":"https:\/\/www.lebenlernen.com\/sek_schneidlingen\/wp-json\/wp\/v2\/media?parent=2408"}],"wp:term":[{"taxonomy":"category","embeddable":true,"href":"https:\/\/www.lebenlernen.com\/sek_schneidlingen\/wp-json\/wp\/v2\/categories?post=2408"},{"taxonomy":"post_tag","embeddable":true,"href":"https:\/\/www.lebenlernen.com\/sek_schneidlingen\/wp-json\/wp\/v2\/tags?post=2408"}],"curies":[{"name":"wp","href":"https:\/\/api.w.org\/{rel}","templated":true}]}}