{"id":2292,"date":"2021-08-31T07:42:53","date_gmt":"2021-08-31T07:42:53","guid":{"rendered":"https:\/\/www.lebenlernen.com\/sek_schneidlingen\/?p=2292"},"modified":"2025-01-13T11:28:18","modified_gmt":"2025-01-13T11:28:18","slug":"schuljahr-2021-22","status":"publish","type":"post","link":"https:\/\/www.lebenlernen.com\/sek_schneidlingen\/schuljahr-2021-22\/","title":{"rendered":"Schuljahr 2021\/22"},"content":{"rendered":"\n<p>Schneidlingen, den 12.07.2022<\/p>\n\n\n\n<p><strong>Wieder ein Schuljahr geschafft.<\/strong><\/p>\n\n\n\n<p>Am vergangenen Freitag, d.08.07.2022, konnten wir 18 Sch\u00fclerInnen und Sch\u00fcler, die verschiedene Schulabschl\u00fcsse erreichten, in die Ferien verabschieden.                                           Ein Drittel von ihnen wird im kommenden Schuljahr das Berufliche Gymnasium besuchen, andere die Fachoberschule oder sie beginnen eine Ausbildung.                                                                       Dazu w\u00fcnschen wir ihnen viel Erfolg.<\/p>\n\n\n\n<p>Nach einem herausfordernden Schuljahr mit einer ereignisreichen abschlie\u00dfenden Projektwoche bekommen morgen alle anderen SuS ihre Zeugnisse und k\u00f6nnen mit der aktuellen Ausgabe unserer Sch\u00fclerzeitung in die Freien starten.<\/p>\n\n\n\n<p>In den Ferien melden wir uns mit Hinweisen f\u00fcr die ersten Schultage.<\/p>\n\n\n\n<p><strong>Bitte klicken Sie\/ klickt auf den Bereich SCH\u00dcLERZEITUNG, um Aktuelles vom Jugendpresseball zu erfahren.<\/strong><\/p>\n\n\n\n<p><\/p>\n\n\n\n<p><\/p>\n\n\n\n<p>Schneidlingen, den 07.04.2022<\/p>\n\n\n\n<p>Mit der frohen Botschaft , dass unsere Sch\u00fclerInnen Devin Drexel, Elias Steinmetz und Merle Landmann bei der Englischolympiade den 2., 4. und 5. Platz belegt haben, verabschieden wir uns in die Osterferien.<\/p>\n\n\n\n<p>Wir w\u00fcnschen eine erholsame und gesunde Zeit.<\/p>\n\n\n\n<figure class=\"wp-block-image size-full\"><a href=\"https:\/\/www.lebenlernen.com\/sek_schneidlingen\/wp-content\/uploads\/2022\/04\/642BEB25-533F-49C0-A549-3E58A219BD92.jpeg\"><img loading=\"lazy\" decoding=\"async\" width=\"640\" height=\"529\" src=\"https:\/\/www.lebenlernen.com\/sek_schneidlingen\/wp-content\/uploads\/2022\/04\/642BEB25-533F-49C0-A549-3E58A219BD92.jpeg\" alt=\"\" class=\"wp-image-2391\" srcset=\"https:\/\/www.lebenlernen.com\/sek_schneidlingen\/wp-content\/uploads\/2022\/04\/642BEB25-533F-49C0-A549-3E58A219BD92.jpeg 640w, https:\/\/www.lebenlernen.com\/sek_schneidlingen\/wp-content\/uploads\/2022\/04\/642BEB25-533F-49C0-A549-3E58A219BD92-300x248.jpeg 300w\" sizes=\"auto, (max-width: 640px) 100vw, 640px\" \/><\/a><\/figure>\n\n\n\n<p><\/p>\n\n\n\n<p><\/p>\n\n\n\n<p>Schneidlingen, den 04.03.2022<\/p>\n\n\n\n<p>\u201c<strong>Reality of School\u201d gewinnt erstmals F\u00f6rderpreis im Sch\u00fclerzeitungswettbewerb der L\u00e4nder<\/strong><\/p>\n\n\n\n<p><br>Unsere Sch\u00fclerzeitung wurde erstmals als eine der besten Deutschlands ausgezeichnet. <\/p>\n\n\n\n<p>Seit ihrer Gr\u00fcndung 2015 gewann die Sch\u00fclerzeitung der Sekundarschule LebenLernen Schneidlingen bereits einmal den Sonderpreis \u201cWir sind stark\u201d (2019) und dreimal die Goldene Feder (2015\/ 2018\/ 2020), als beste Sch\u00fclerzeitung Sachsen-Anhalts im Bereich Sekundarschulen.<br>Dieses Mal schafften wir erstmals den Sprung in die Liste der besten Sch\u00fclerzeitungen Deutschlands: \u201cReality of School\u201d gewinnt im Sch\u00fclerzeitungswettbewerb der L\u00e4nder 2022 den F\u00f6rderpreis in der Kategorie \u201cHaupt-\/Real-\/Gesamtschule\u201d. Uns hat also nicht die Jury des Landes Sachsen-Anhalts, sondern aller Bundesl\u00e4nder ausgezeichnet. Die Begr\u00fcndung: \u201cUnsere Jury sieht gro\u00dfes Potenzial in euren Beitr\u00e4gen, weshalb sie euch einen F\u00f6rderpreis verliehen hat \u2013 Herzlichen Gl\u00fcckwunsch!\u201d<br>Wir erhalten einen kostenlosen Workshop der Mobilen Medienakademie<\/p>\n\n\n\n<p>S. Litzenberger im Namen der Sch\u00fclerzeitungsredaktion<\/p>\n\n\n\n<figure class=\"wp-block-image size-full\"><a href=\"https:\/\/www.lebenlernen.com\/sek_schneidlingen\/wp-content\/uploads\/2022\/03\/ADE06423-048F-4450-8FAE-20FFBB7BA06B.webp\"><img decoding=\"async\" src=\"https:\/\/www.lebenlernen.com\/sek_schneidlingen\/wp-content\/uploads\/2022\/03\/ADE06423-048F-4450-8FAE-20FFBB7BA06B.webp\" alt=\"\" class=\"wp-image-2382\"\/><\/a><\/figure>\n\n\n\n<p><\/p>\n\n\n\n<p><\/p>\n\n\n\n<p><\/p>\n\n\n\n<p><\/p>\n\n\n\n<p><\/p>\n\n\n\n<p><\/p>\n\n\n\n<p><\/p>\n\n\n\n<p>Schneidlingen, den 17.02.2022<\/p>\n\n\n\n<p>Liebe potentielle Eltern,<\/p>\n\n\n\n<p>nach den Winterferien startet das Aufnahmeverfahren f\u00fcr das kommende Schuljahr.<\/p>\n\n\n\n<p>In der kommenden Woche wird Sie unsere Sekret\u00e4rin anrufen, um, bei weiter bestehendem Interesse, einen Termin zu vereinbaren.<\/p>\n\n\n\n<p><\/p>\n\n\n\n<p><\/p>\n\n\n\n<p>Schneidlingen, den 10.01.2022<\/p>\n\n\n\n<p>Wir w\u00fcnschen allen BesucherInnen unserer Homepage ein gesundes 2022 mit vielen sch\u00f6nen Erlebnissen und Erfahrungen.<\/p>\n\n\n\n<p>F\u00fcr alle, die eigentlich unseren Tag der offenen T\u00fcr besucht h\u00e4tten, haben Sch\u00fclerinnen und Sch\u00fcler aber auch das Kollegium eine Alternative vorbereitet: <\/p>\n\n\n\n<p><a href=\"https:\/\/express.adobe.com\/page\/oC0xE3nipiC9M\/\">https:\/\/express.adobe.com\/page\/oC0xE3nipiC9M\/<\/a><\/p>\n\n\n\n<p>Bitte klicken Sie den Link oben an, scrollen und sehen Sie sich die einzelnen Videobeitr\u00e4ge an.<\/p>\n\n\n\n<p>Viel Spa\u00df dabei.<\/p>\n\n\n\n<figure class=\"wp-block-image size-large is-resized\"><a href=\"https:\/\/www.lebenlernen.com\/sek_schneidlingen\/wp-content\/uploads\/2021\/08\/d81c5f5a-9f79-4be9-b4dd-5209273919a3.jpeg\"><img loading=\"lazy\" decoding=\"async\" src=\"https:\/\/www.lebenlernen.com\/sek_schneidlingen\/wp-content\/uploads\/2021\/08\/d81c5f5a-9f79-4be9-b4dd-5209273919a3-1024x768.jpeg\" alt=\"\" class=\"wp-image-2361\" width=\"717\" height=\"538\" srcset=\"https:\/\/www.lebenlernen.com\/sek_schneidlingen\/wp-content\/uploads\/2021\/08\/d81c5f5a-9f79-4be9-b4dd-5209273919a3-1024x768.jpeg 1024w, https:\/\/www.lebenlernen.com\/sek_schneidlingen\/wp-content\/uploads\/2021\/08\/d81c5f5a-9f79-4be9-b4dd-5209273919a3-300x225.jpeg 300w, https:\/\/www.lebenlernen.com\/sek_schneidlingen\/wp-content\/uploads\/2021\/08\/d81c5f5a-9f79-4be9-b4dd-5209273919a3-768x576.jpeg 768w, https:\/\/www.lebenlernen.com\/sek_schneidlingen\/wp-content\/uploads\/2021\/08\/d81c5f5a-9f79-4be9-b4dd-5209273919a3-1536x1152.jpeg 1536w, https:\/\/www.lebenlernen.com\/sek_schneidlingen\/wp-content\/uploads\/2021\/08\/d81c5f5a-9f79-4be9-b4dd-5209273919a3-2048x1536.jpeg 2048w\" sizes=\"auto, (max-width: 717px) 100vw, 717px\" \/><\/a><\/figure>\n\n\n\n<p><\/p>\n\n\n\n<p><\/p>\n\n\n\n<p><\/p>\n\n\n\n<p><\/p>\n\n\n\n\n\n<p>Schneidlingen, den 05.12.2021<\/p>\n\n\n\n<p>Sehr geehrte BesucherInnen,<\/p>\n\n\n\n<p>wir w\u00fcnschen Ihnen allen eine stressarme und vor allem gesunde Advents- und Weihnachtszeit.<\/p>\n\n\n\n<p>Eltern und Sch\u00fclerInnen finden Informationen zu Ver\u00e4nderungen etc. auf unseren Kommunikationskan\u00e4len.<\/p>\n\n\n\n<p>Bei Fragen wenden Sie sich bitte an die Schulleitung.<\/p>\n\n\n\n<figure class=\"wp-block-image size-large\"><a href=\"https:\/\/www.lebenlernen.com\/sek_schneidlingen\/wp-content\/uploads\/2021\/08\/82681026-06c9-49cf-bb60-7bac3811b6b0.jpeg\"><img decoding=\"async\" src=\"https:\/\/www.lebenlernen.com\/sek_schneidlingen\/wp-content\/uploads\/2021\/08\/82681026-06c9-49cf-bb60-7bac3811b6b0-1024x649.jpeg\" alt=\"\" class=\"wp-image-2331\"\/><\/a><\/figure>\n\n\n\n<p><\/p>\n\n\n\n<p><\/p>\n\n\n\n<p><\/p>\n\n\n\n<p>Schneidlingen, den 15.11.2021<\/p>\n\n\n\n<p>Sehr geehrte Besucher,<\/p>\n\n\n\n<p>ab heute gilt die 7. \u00c4nderungsverordnung zur 14.EindVO. Das bedeutet:<\/p>\n\n\n\n<ul class=\"wp-block-list\"><li>Alle Selbsttests finden grunds\u00e4tzlich in der Schule statt.<\/li><li>Auch Geimpften wird die Teilnahme daran empfohlen.<\/li><li>Sollte ein Test positiv ausfallen, bekommt die\/der Betroffene eine Bescheinigung, um zeitnah einen PCR-Test durchf\u00fchren lassen zu k\u00f6nnen.<\/li><li>Alle negativ Getesteten verbleiben im Klassenverband, tragen durchg\u00e4ngig Maske und f\u00fchren an den n\u00e4chsten 5 Tagen t\u00e4glich einen Selbsttest durch.<\/li><li>BesucherInnen ben\u00f6tigen ein negatives Testergebnis.<\/li><\/ul>\n\n\n\n<p><strong>Wir freuen uns \u00fcber die rege Nachfrage bez\u00fcglich des Tags der offenen T\u00fcr.                                                                                                       Bitte haben Sie Verst\u00e4ndnis daf\u00fcr, dass wir diesen gegenw\u00e4rtig nicht als Pr\u00e4senzveranstaltung durchf\u00fchren oder einen Termin angeben k\u00f6nnen. Wir arbeiten an einem Alternativangebot.<\/strong><\/p>\n\n\n\n<p><\/p>\n\n\n\n<p><\/p>\n\n\n\n<p><\/p>\n\n\n\n<p><\/p>\n\n\n\n<p><\/p>\n\n\n\n<p>Schneidlingen, den 02.10.2021<\/p>\n\n\n\n<p>Eine Lehrerinnen\u00e4ra ging gestern zu Ende. Wir verabschiedeten Frau G\u00f6rling aus dem aktiven Schuldienst in den Ruhestand mit Ehrenamt, da sie auch zuk\u00fcnftig in der Sch\u00fclerzeitungsredaktion (die neue Ausgabe ist gerade erschienen) mitarbeiten wird.<\/p>\n\n\n\n<div class=\"wp-block-group\"><div class=\"wp-block-group__inner-container is-layout-flow wp-block-group-is-layout-flow\">\n<figure class=\"wp-block-image size-large\"><a href=\"https:\/\/www.lebenlernen.com\/sek_schneidlingen\/wp-content\/uploads\/2021\/10\/A8DFFCED-256D-43AF-8ED3-DC5CA4819B63.jpeg\"><img loading=\"lazy\" decoding=\"async\" width=\"240\" height=\"320\" src=\"https:\/\/www.lebenlernen.com\/sek_schneidlingen\/wp-content\/uploads\/2021\/10\/A8DFFCED-256D-43AF-8ED3-DC5CA4819B63-edited.jpeg\" alt=\"\" class=\"wp-image-2308\" srcset=\"https:\/\/www.lebenlernen.com\/sek_schneidlingen\/wp-content\/uploads\/2021\/10\/A8DFFCED-256D-43AF-8ED3-DC5CA4819B63-edited.jpeg 240w, https:\/\/www.lebenlernen.com\/sek_schneidlingen\/wp-content\/uploads\/2021\/10\/A8DFFCED-256D-43AF-8ED3-DC5CA4819B63-edited-225x300.jpeg 225w\" sizes=\"auto, (max-width: 240px) 100vw, 240px\" \/><\/a><figcaption>der Chauffeur und sein Wagen<\/figcaption><\/figure>\n<\/div><\/div>\n\n\n\n<figure class=\"wp-block-image size-large\"><a href=\"https:\/\/www.lebenlernen.com\/sek_schneidlingen\/wp-content\/uploads\/2021\/10\/7269ACDA-C634-46F6-9407-77C70B8A12FB.jpeg\"><img loading=\"lazy\" decoding=\"async\" width=\"320\" height=\"240\" src=\"https:\/\/www.lebenlernen.com\/sek_schneidlingen\/wp-content\/uploads\/2021\/10\/7269ACDA-C634-46F6-9407-77C70B8A12FB.jpeg\" alt=\"\" class=\"wp-image-2309\" srcset=\"https:\/\/www.lebenlernen.com\/sek_schneidlingen\/wp-content\/uploads\/2021\/10\/7269ACDA-C634-46F6-9407-77C70B8A12FB.jpeg 320w, https:\/\/www.lebenlernen.com\/sek_schneidlingen\/wp-content\/uploads\/2021\/10\/7269ACDA-C634-46F6-9407-77C70B8A12FB-300x225.jpeg 300w\" sizes=\"auto, (max-width: 320px) 100vw, 320px\" \/><\/a><\/figure>\n\n\n\n<figure class=\"wp-block-image size-large\"><a href=\"https:\/\/www.lebenlernen.com\/sek_schneidlingen\/wp-content\/uploads\/2021\/10\/A22B3B4B-6FF2-4F3D-AB76-5C173D2EACFC.jpeg\"><img loading=\"lazy\" decoding=\"async\" width=\"320\" height=\"240\" src=\"https:\/\/www.lebenlernen.com\/sek_schneidlingen\/wp-content\/uploads\/2021\/10\/A22B3B4B-6FF2-4F3D-AB76-5C173D2EACFC.jpeg\" alt=\"\" class=\"wp-image-2311\" srcset=\"https:\/\/www.lebenlernen.com\/sek_schneidlingen\/wp-content\/uploads\/2021\/10\/A22B3B4B-6FF2-4F3D-AB76-5C173D2EACFC.jpeg 320w, https:\/\/www.lebenlernen.com\/sek_schneidlingen\/wp-content\/uploads\/2021\/10\/A22B3B4B-6FF2-4F3D-AB76-5C173D2EACFC-300x225.jpeg 300w\" sizes=\"auto, (max-width: 320px) 100vw, 320px\" \/><\/a><\/figure>\n\n\n\n<figure class=\"wp-block-image size-large\"><a href=\"https:\/\/www.lebenlernen.com\/sek_schneidlingen\/wp-content\/uploads\/2021\/10\/CE2C6643-3106-4B17-8A26-364B5A6B9492.jpeg\"><img loading=\"lazy\" decoding=\"async\" width=\"240\" height=\"240\" src=\"https:\/\/www.lebenlernen.com\/sek_schneidlingen\/wp-content\/uploads\/2021\/10\/CE2C6643-3106-4B17-8A26-364B5A6B9492-edited.jpeg\" alt=\"\" class=\"wp-image-2314\" srcset=\"https:\/\/www.lebenlernen.com\/sek_schneidlingen\/wp-content\/uploads\/2021\/10\/CE2C6643-3106-4B17-8A26-364B5A6B9492-edited.jpeg 240w, https:\/\/www.lebenlernen.com\/sek_schneidlingen\/wp-content\/uploads\/2021\/10\/CE2C6643-3106-4B17-8A26-364B5A6B9492-edited-150x150.jpeg 150w\" sizes=\"auto, (max-width: 240px) 100vw, 240px\" \/><\/a><\/figure>\n\n\n\n<figure class=\"wp-block-image size-large\"><a href=\"https:\/\/www.lebenlernen.com\/sek_schneidlingen\/wp-content\/uploads\/2021\/10\/6599E165-8EAE-4A70-BD00-D41B78520705-scaled.jpeg\"><img loading=\"lazy\" decoding=\"async\" width=\"768\" height=\"1024\" src=\"https:\/\/www.lebenlernen.com\/sek_schneidlingen\/wp-content\/uploads\/2021\/10\/6599E165-8EAE-4A70-BD00-D41B78520705-768x1024.jpeg\" alt=\"\" class=\"wp-image-2315\" srcset=\"https:\/\/www.lebenlernen.com\/sek_schneidlingen\/wp-content\/uploads\/2021\/10\/6599E165-8EAE-4A70-BD00-D41B78520705-768x1024.jpeg 768w, https:\/\/www.lebenlernen.com\/sek_schneidlingen\/wp-content\/uploads\/2021\/10\/6599E165-8EAE-4A70-BD00-D41B78520705-225x300.jpeg 225w, https:\/\/www.lebenlernen.com\/sek_schneidlingen\/wp-content\/uploads\/2021\/10\/6599E165-8EAE-4A70-BD00-D41B78520705-1152x1536.jpeg 1152w, https:\/\/www.lebenlernen.com\/sek_schneidlingen\/wp-content\/uploads\/2021\/10\/6599E165-8EAE-4A70-BD00-D41B78520705-1536x2048.jpeg 1536w, https:\/\/www.lebenlernen.com\/sek_schneidlingen\/wp-content\/uploads\/2021\/10\/6599E165-8EAE-4A70-BD00-D41B78520705-1200x1600.jpeg 1200w, https:\/\/www.lebenlernen.com\/sek_schneidlingen\/wp-content\/uploads\/2021\/10\/6599E165-8EAE-4A70-BD00-D41B78520705-1980x2640.jpeg 1980w, https:\/\/www.lebenlernen.com\/sek_schneidlingen\/wp-content\/uploads\/2021\/10\/6599E165-8EAE-4A70-BD00-D41B78520705-scaled.jpeg 1920w\" sizes=\"auto, (max-width: 768px) 100vw, 768px\" \/><\/a><\/figure>\n\n\n\n<p>Schneidlingen, den 15.09.2021<\/p>\n\n\n\n<p>Der Schulalltag ist wieder eingekehrt und die ersten Tests sind geschrieben.<\/p>\n\n\n\n<p>F\u00fcr unsere Fahrsch\u00fclerInnen aus dem Bereich Egeln stehen ab Montag,d. 20.09.2021 Ver\u00e4nderungen der Haltestellen und Fahrzeiten in Egeln an. Details stellen wir morgen in den Klassenpadlets ein.<\/p>\n\n\n\n<p>Eine Sperrung der Stra\u00dfe zwischen Hecklingen und Gro\u00df B\u00f6rnecke r\u00fcckt, vorsichtig formuliert, in den Bereich des M\u00f6glichen. Bitte achten Sie auf Informationen in der Tagespresse.<\/p>\n\n\n\n<p><\/p>\n\n\n\n<p class=\"has-text-align-center\"><strong>Lass los, was war.<\/strong><\/p>\n\n\n\n<p class=\"has-text-align-center\"><strong><span class=\"has-inline-color has-secondary-color\">Akzeptiere, was ist.<\/span><\/strong><\/p>\n\n\n\n<p class=\"has-text-align-center\"><strong><span class=\"has-inline-color has-accent-color\">Glaube daran, was kommt.<\/span><\/strong><\/p>\n\n\n\n<p>Liebe Eltern und liebe Sch\u00fclerInnen,<\/p>\n\n\n\n<p>in wenigen Tagen geht es wieder los. Wir starten pr\u00e4sent in das neue Schuljahr.<\/p>\n\n\n\n<p>Alle Informationen (Kosten f\u00fcr Arbeitshefte, Stundenplan Do\/Fr, Busfahrplan \u2026) befinden sich auf den Klassenpadlets und werden jetzt regelm\u00e4\u00dfig aktualisiert.<\/p>\n\n\n\n<p>Bei Fragen wenden Sie sich bitte an das Sekretariat, die KlassenlehrerInnen oder die Schulleiterin.<\/p>\n","protected":false},"excerpt":{"rendered":"<p>Schneidlingen, den 12.07.2022 Wieder ein Schuljahr geschafft. Am vergangenen Freitag, d.08.07.2022, konnten wir 18 Sch\u00fclerInnen und Sch\u00fcler, die verschiedene Schulabschl\u00fcsse erreichten, in die Ferien verabschieden. Ein Drittel von ihnen wird im kommenden Schuljahr das Berufliche Gymnasium besuchen, andere die Fachoberschule oder sie beginnen eine Ausbildung. Dazu w\u00fcnschen wir ihnen viel Erfolg. Nach einem herausfordernden Schuljahr<\/p>\n<div><a class=\"btn-filled btn\" href=\"https:\/\/www.lebenlernen.com\/sek_schneidlingen\/schuljahr-2021-22\/\" title=\"Schuljahr 2021\/22\">Read More<\/a><\/div>\n","protected":false},"author":3,"featured_media":0,"comment_status":"closed","ping_status":"closed","sticky":false,"template":"","format":"standard","meta":{"ngg_post_thumbnail":0,"footnotes":""},"categories":[1],"tags":[],"class_list":["post-2292","post","type-post","status-publish","format-standard","hentry","category-allgemein"],"_links":{"self":[{"href":"https:\/\/www.lebenlernen.com\/sek_schneidlingen\/wp-json\/wp\/v2\/posts\/2292","targetHints":{"allow":["GET"]}}],"collection":[{"href":"https:\/\/www.lebenlernen.com\/sek_schneidlingen\/wp-json\/wp\/v2\/posts"}],"about":[{"href":"https:\/\/www.lebenlernen.com\/sek_schneidlingen\/wp-json\/wp\/v2\/types\/post"}],"author":[{"embeddable":true,"href":"https:\/\/www.lebenlernen.com\/sek_schneidlingen\/wp-json\/wp\/v2\/users\/3"}],"replies":[{"embeddable":true,"href":"https:\/\/www.lebenlernen.com\/sek_schneidlingen\/wp-json\/wp\/v2\/comments?post=2292"}],"version-history":[{"count":1,"href":"https:\/\/www.lebenlernen.com\/sek_schneidlingen\/wp-json\/wp\/v2\/posts\/2292\/revisions"}],"predecessor-version":[{"id":2679,"href":"https:\/\/www.lebenlernen.com\/sek_schneidlingen\/wp-json\/wp\/v2\/posts\/2292\/revisions\/2679"}],"wp:attachment":[{"href":"https:\/\/www.lebenlernen.com\/sek_schneidlingen\/wp-json\/wp\/v2\/media?parent=2292"}],"wp:term":[{"taxonomy":"category","embeddable":true,"href":"https:\/\/www.lebenlernen.com\/sek_schneidlingen\/wp-json\/wp\/v2\/categories?post=2292"},{"taxonomy":"post_tag","embeddable":true,"href":"https:\/\/www.lebenlernen.com\/sek_schneidlingen\/wp-json\/wp\/v2\/tags?post=2292"}],"curies":[{"name":"wp","href":"https:\/\/api.w.org\/{rel}","templated":true}]}}